{"id":276,"date":"2013-01-22T00:36:03","date_gmt":"2013-01-22T00:36:03","guid":{"rendered":"http:\/\/www.encontrabelfordroxo.com.br\/noticias\/?p=276"},"modified":"2013-08-15T16:31:00","modified_gmt":"2013-08-15T16:31:00","slug":"em-belford-roxo-policiais-ilhados-pela-inseguranca","status":"publish","type":"post","link":"https:\/\/www.encontrabelfordroxo.com.br\/noticias\/em-belford-roxo-policiais-ilhados-pela-inseguranca\/","title":{"rendered":"Em Belford Roxo, policiais ilhados pela inseguran\u00e7a"},"content":{"rendered":"<p>Em Belford Roxo, o crime n\u00e3o toma conhecimento da pol\u00edcia. Traficantes alojaram boca de fumo na Rua Xer\u00e9m, no bairro de Piam, a menos de 200 metros da 54\u00aa DP. \u00c9 a unidade que investiga a morte da menina Geovana de Barrros Firmino, de 1 ano, com tiro no peito em tentativa de assalto na noite de quinta. Na subida da rua da delegacia, os dizeres nas paredes: \u201cP\u00f3, crack e maconha.\u201d<\/p>\n<p>De acordo com o delegado-adjunto Sebasti\u00e3o Nascimento, que cobria o plant\u00e3o do\u00a0fim de semana na delegacia, a situa\u00e7\u00e3o est\u00e1 \u201ccomplicada\u201d na regi\u00e3o. \u201cAqui mesmo na rua, ao longo destes quebra-molas, n\u00e3o se pode passar na madrugada. Sempre tem assaltos nesta rua. A viol\u00eancia est\u00e1 braba e a regi\u00e3o n\u00e3o est\u00e1 segura\u201d, atesta Nascimento.<\/p>\n<p>Segundo o auxiliar administrativo L., que mora a duas quadras do ponto escolhido pelos traficantes, tamb\u00e9m ao lado da delegacia, 15 bandidos armados teriam desembarcado de uma Topic branca na \u00faltima ter\u00e7a-feira. Ele diz que circulam no bairro informa\u00e7\u00f5es de que os traficantes teriam sa\u00eddo do Jacarezinho, onde foi instalada uma UPP no in\u00edcio da semana. \u201cN\u00e3o \u00e9 poss\u00edvel que os policiais permitam que esses bandidos vendam drogas numa esquina que fica do lado da pr\u00f3pria delegacia. Avistei um policial subindo a rua. Pensei que prenderia algu\u00e9m, mas ele desceu logo, como se nada estivesse acontecendo\u201d, contou, indignado.<\/p>\n<p><strong>Sistema fora do ar<\/strong><\/p>\n<p>Na delegacia, surpresa: nenhum boletim de ocorr\u00eancia registrado das 4h de s\u00e1bado \u00e0s 19h de ontem. Um aviso no balc\u00e3o da delegacia em nome do diretor do Departamento Geral de Tecnologia da Informa\u00e7\u00e3o e Telecomunica\u00e7\u00f5es, Andr\u00e9 Drumond, alertava sobre parada programada de sistema e banco de dados.<\/p>\n<p>Questionado sobre a \u2018parada\u2019, um dos inspetores disse: \u201cRealmente \u00e9 muito tempo fora do ar.\u201d Logo depois, o balconista Jo\u00e3o Figo chegava para notificar um assalto. Foi orientado a retornar no dia seguinte. \u201cN\u00e3o posso fazer o BO. At\u00e9 amanh\u00e3 os bandidos poder\u00e3o usar livremente meus dados e meus documentos. Estou pasmo\u201d, lamentou.<\/p>\n<p><strong>Aumenta a viol\u00eancia<\/strong><\/p>\n<p>De acordo com as \u00faltimas estat\u00edsticas divulgadas pelo Instituto de Seguran\u00e7a P\u00fablica (ISP), a queda da taxa de homic\u00eddios concentra-se na capital. Os \u00edndices da Baixada s\u00e3o altos e pouco se alteraram. Nesta, que \u00e9 uma das maiores concentra\u00e7\u00f5es urbanas da Am\u00e9rica Latina, houve um aumento consider\u00e1vel da viol\u00eancia. Em 2012 foram registrados 1.484 casos de estupro contra 1.233 em 2011, ou seja, 251 casos a mais do que no ano anterior.<\/p>\n<p>Em rela\u00e7\u00e3o aos latroc\u00ednios (roubos seguidos de morte), foram registrados 14 casos al\u00e9m dos ocorridos em 2011, atingindo 32 ocorr\u00eancias em 2012. Foram registrados tamb\u00e9m 22.736 furtos em 2012 contra 22.502 em 2011, um aumento de 234 ocorr\u00eancias. Em rela\u00e7\u00e3o aos furtos, foram 20.937 em 2012, ou seja, 720 ocorr\u00eancias a mais em rela\u00e7\u00e3o as 20.217 registradas em 2011.<\/p>\n<p><strong>Na rua do crime, moradores reclamam da seguran\u00e7a<\/strong><\/p>\n<p>Na Rua Nunes Sampaio, no bairro\u00a0Parque das Palmeiras, onde aconteceu o assassinato de Geovana, os moradores est\u00e3o assustados. Na manh\u00e3 de ontem, uma viatura patrulhava a regi\u00e3o. Mas, segundo um porteiro que mora na rua h\u00e1 45 anos e n\u00e3o quis se identificar, os vizinhos da fam\u00edlia est\u00e3o indignados com a mobiliza\u00e7\u00e3o do carro somente ap\u00f3s a trag\u00e9dia. \u201cOs bandidos passam aqui h\u00e1 tempos dando tiros para o alto. Se fosse uma filha minha nesta situa\u00e7\u00e3o, eu perguntaria o que adianta a seguran\u00e7a no local depois que o crime ocorre\u201d, questiona.<\/p>\n<p>De acordo com a esposa do porteiro, carros sem placas circulam na regi\u00e3o com cerca de cinco rapazes dentro. Revoltado, um auxiliar do IML de Belford Roxo, conhecido na regi\u00e3o como \u2018Carl\u00e3o\u2019, desabafou: \u201cO Rio est\u00e1 pacificado, mas a Baixada est\u00e1 largada. O governo levou seguran\u00e7a para toda a cidade, mas esqueceu a gente\u201d. A Secretaria de Seguran\u00e7a n\u00e3o quis comentar.<\/p>\n<p>A m\u00e3e de Geovana, Priscila de Barros, deve depor hoje. C\u00e2meras da regi\u00e3o foram solicitadas pela pol\u00edcia. O carro dos bandidos, encontrado na noite de s\u00e1bado, est\u00e1 na per\u00edcia.<\/p>\n<p><em>Fonte: O Dia<\/em><\/p>\n","protected":false},"excerpt":{"rendered":"<p>Em Belford Roxo, o crime n\u00e3o toma conhecimento da pol\u00edcia. Traficantes alojaram boca de fumo na Rua Xer\u00e9m, no bairro de Piam, a menos de 200 metros da 54\u00aa DP. \u00c9 a unidade que investiga a morte da menina Geovana de Barrros Firmino, de 1 ano, com tiro no peito em tentativa de assalto na [&hellip;]<\/p>\n","protected":false},"author":1,"featured_media":0,"comment_status":"open","ping_status":"open","sticky":false,"template":"","format":"standard","meta":{"footnotes":""},"categories":[6],"tags":[15],"_links":{"self":[{"href":"https:\/\/www.encontrabelfordroxo.com.br\/noticias\/wp-json\/wp\/v2\/posts\/276"}],"collection":[{"href":"https:\/\/www.encontrabelfordroxo.com.br\/noticias\/wp-json\/wp\/v2\/posts"}],"about":[{"href":"https:\/\/www.encontrabelfordroxo.com.br\/noticias\/wp-json\/wp\/v2\/types\/post"}],"author":[{"embeddable":true,"href":"https:\/\/www.encontrabelfordroxo.com.br\/noticias\/wp-json\/wp\/v2\/users\/1"}],"replies":[{"embeddable":true,"href":"https:\/\/www.encontrabelfordroxo.com.br\/noticias\/wp-json\/wp\/v2\/comments?post=276"}],"version-history":[{"count":8,"href":"https:\/\/www.encontrabelfordroxo.com.br\/noticias\/wp-json\/wp\/v2\/posts\/276\/revisions"}],"predecessor-version":[{"id":486,"href":"https:\/\/www.encontrabelfordroxo.com.br\/noticias\/wp-json\/wp\/v2\/posts\/276\/revisions\/486"}],"wp:attachment":[{"href":"https:\/\/www.encontrabelfordroxo.com.br\/noticias\/wp-json\/wp\/v2\/media?parent=276"}],"wp:term":[{"taxonomy":"category","embeddable":true,"href":"https:\/\/www.encontrabelfordroxo.com.br\/noticias\/wp-json\/wp\/v2\/categories?post=276"},{"taxonomy":"post_tag","embeddable":true,"href":"https:\/\/www.encontrabelfordroxo.com.br\/noticias\/wp-json\/wp\/v2\/tags?post=276"}],"curies":[{"name":"wp","href":"https:\/\/api.w.org\/{rel}","templated":true}]}}