{"id":292,"date":"2013-02-04T00:15:22","date_gmt":"2013-02-04T00:15:22","guid":{"rendered":"http:\/\/www.encontrabelfordroxo.com.br\/noticias\/?p=292"},"modified":"2013-08-15T16:31:13","modified_gmt":"2013-08-15T16:31:13","slug":"ex-bailarina-do-faustao-vira-musa-da-inocentes-de-belford-roxo","status":"publish","type":"post","link":"https:\/\/www.encontrabelfordroxo.com.br\/noticias\/ex-bailarina-do-faustao-vira-musa-da-inocentes-de-belford-roxo\/","title":{"rendered":"Ex-bailarina do Faust\u00e3o vira musa da Inocentes de Belford Roxo"},"content":{"rendered":"<p>Ana Balardim, ex-bailarina do &#8220;Doming\u00e3o do Faust\u00e3o&#8221;, vai fazer desfilar como musa da Inocentes de Belford Roxo, no Carnaval deste ano. A loura, de 33 anos, visitou o barrac\u00e3o da escola da cidade de Belford Roxo neste s\u00e1bado para acertar os detalhes de sua fantasia.<\/p>\n<p>&#8220;Eu n\u00e3o desfilava h\u00e1 quatro anos e \u00e9 diferente de voc\u00ea assistir ao espet\u00e1culo de camarote. Carnaval \u00e9 s\u00edmbolo de\u00a0cultura\u00a0e \u00e9\u00a0visto\u00a0pelo mundo inteiro. Eu quero sentir toda essa vibra\u00e7\u00e3o e energia da Sapuca\u00ed. Estou feliz com a oportunidade&#8221;, disse Ana.<\/p>\n<p><em>Fonte: O Dia<\/em><\/p>\n","protected":false},"excerpt":{"rendered":"<p>Ana Balardim, ex-bailarina do &#8220;Doming\u00e3o do Faust\u00e3o&#8221;, vai fazer desfilar como musa da Inocentes de Belford Roxo, no Carnaval deste ano. A loura, de 33 anos, visitou o barrac\u00e3o da escola da cidade de Belford Roxo neste s\u00e1bado para acertar os detalhes de sua fantasia. &#8220;Eu n\u00e3o desfilava h\u00e1 quatro anos e \u00e9 diferente de [&hellip;]<\/p>\n","protected":false},"author":1,"featured_media":0,"comment_status":"open","ping_status":"open","sticky":false,"template":"","format":"standard","meta":{"footnotes":""},"categories":[6],"tags":[15],"_links":{"self":[{"href":"https:\/\/www.encontrabelfordroxo.com.br\/noticias\/wp-json\/wp\/v2\/posts\/292"}],"collection":[{"href":"https:\/\/www.encontrabelfordroxo.com.br\/noticias\/wp-json\/wp\/v2\/posts"}],"about":[{"href":"https:\/\/www.encontrabelfordroxo.com.br\/noticias\/wp-json\/wp\/v2\/types\/post"}],"author":[{"embeddable":true,"href":"https:\/\/www.encontrabelfordroxo.com.br\/noticias\/wp-json\/wp\/v2\/users\/1"}],"replies":[{"embeddable":true,"href":"https:\/\/www.encontrabelfordroxo.com.br\/noticias\/wp-json\/wp\/v2\/comments?post=292"}],"version-history":[{"count":3,"href":"https:\/\/www.encontrabelfordroxo.com.br\/noticias\/wp-json\/wp\/v2\/posts\/292\/revisions"}],"predecessor-version":[{"id":294,"href":"https:\/\/www.encontrabelfordroxo.com.br\/noticias\/wp-json\/wp\/v2\/posts\/292\/revisions\/294"}],"wp:attachment":[{"href":"https:\/\/www.encontrabelfordroxo.com.br\/noticias\/wp-json\/wp\/v2\/media?parent=292"}],"wp:term":[{"taxonomy":"category","embeddable":true,"href":"https:\/\/www.encontrabelfordroxo.com.br\/noticias\/wp-json\/wp\/v2\/categories?post=292"},{"taxonomy":"post_tag","embeddable":true,"href":"https:\/\/www.encontrabelfordroxo.com.br\/noticias\/wp-json\/wp\/v2\/tags?post=292"}],"curies":[{"name":"wp","href":"https:\/\/api.w.org\/{rel}","templated":true}]}}