{"id":359,"date":"2013-03-27T00:59:11","date_gmt":"2013-03-27T00:59:11","guid":{"rendered":"http:\/\/www.encontrabelfordroxo.com.br\/noticias\/?p=359"},"modified":"2013-08-15T16:31:21","modified_gmt":"2013-08-15T16:31:21","slug":"civil-prende-homem-acusado-de-sequestro-e-latrocinio-em-belford-roxo","status":"publish","type":"post","link":"https:\/\/www.encontrabelfordroxo.com.br\/noticias\/civil-prende-homem-acusado-de-sequestro-e-latrocinio-em-belford-roxo\/","title":{"rendered":"Civil prende homem acusado de sequestro e latroc\u00ednio em Belford Roxo"},"content":{"rendered":"<p>Policiais da 39\u00aa DP (Pavuna) prenderam no in\u00edcio da manh\u00e3 desta ter\u00e7a-feira um homem foragido da justi\u00e7a acusado por crimes de sequestro e latroc\u00ednio.<\/p>\n<p>Giliardi da Silva, de 25 anos, foi surpreendido pelos agentes em sua casa na cidade de Belford Roxo enquanto dormia, na Rua Cris\u00e2ntemos, 152, casa 4, em Belford Roxo, na Baixada Fluminense. Seu paradeiro foi rastreado, atendendo a mandado de pris\u00e3o expedido pela justi\u00e7a.<\/p>\n<p>Ele n\u00e3o resistiu e foi conduzido, algemado, para a delegacia da Pavuna.<\/p>\n<p><em>Fonte: G1<\/em><\/p>\n","protected":false},"excerpt":{"rendered":"<p>Policiais da 39\u00aa DP (Pavuna) prenderam no in\u00edcio da manh\u00e3 desta ter\u00e7a-feira um homem foragido da justi\u00e7a acusado por crimes de sequestro e latroc\u00ednio. Giliardi da Silva, de 25 anos, foi surpreendido pelos agentes em sua casa na cidade de Belford Roxo enquanto dormia, na Rua Cris\u00e2ntemos, 152, casa 4, em Belford Roxo, na Baixada [&hellip;]<\/p>\n","protected":false},"author":1,"featured_media":0,"comment_status":"open","ping_status":"open","sticky":false,"template":"","format":"standard","meta":{"footnotes":""},"categories":[6],"tags":[],"_links":{"self":[{"href":"https:\/\/www.encontrabelfordroxo.com.br\/noticias\/wp-json\/wp\/v2\/posts\/359"}],"collection":[{"href":"https:\/\/www.encontrabelfordroxo.com.br\/noticias\/wp-json\/wp\/v2\/posts"}],"about":[{"href":"https:\/\/www.encontrabelfordroxo.com.br\/noticias\/wp-json\/wp\/v2\/types\/post"}],"author":[{"embeddable":true,"href":"https:\/\/www.encontrabelfordroxo.com.br\/noticias\/wp-json\/wp\/v2\/users\/1"}],"replies":[{"embeddable":true,"href":"https:\/\/www.encontrabelfordroxo.com.br\/noticias\/wp-json\/wp\/v2\/comments?post=359"}],"version-history":[{"count":2,"href":"https:\/\/www.encontrabelfordroxo.com.br\/noticias\/wp-json\/wp\/v2\/posts\/359\/revisions"}],"predecessor-version":[{"id":608,"href":"https:\/\/www.encontrabelfordroxo.com.br\/noticias\/wp-json\/wp\/v2\/posts\/359\/revisions\/608"}],"wp:attachment":[{"href":"https:\/\/www.encontrabelfordroxo.com.br\/noticias\/wp-json\/wp\/v2\/media?parent=359"}],"wp:term":[{"taxonomy":"category","embeddable":true,"href":"https:\/\/www.encontrabelfordroxo.com.br\/noticias\/wp-json\/wp\/v2\/categories?post=359"},{"taxonomy":"post_tag","embeddable":true,"href":"https:\/\/www.encontrabelfordroxo.com.br\/noticias\/wp-json\/wp\/v2\/tags?post=359"}],"curies":[{"name":"wp","href":"https:\/\/api.w.org\/{rel}","templated":true}]}}