{"id":385,"date":"2013-04-11T00:56:36","date_gmt":"2013-04-11T00:56:36","guid":{"rendered":"http:\/\/www.encontrabelfordroxo.com.br\/noticias\/?p=385"},"modified":"2013-08-15T16:31:22","modified_gmt":"2013-08-15T16:31:22","slug":"operacao-do-detro-apreende-veiculos-irregulares-em-belford-roxo","status":"publish","type":"post","link":"https:\/\/www.encontrabelfordroxo.com.br\/noticias\/operacao-do-detro-apreende-veiculos-irregulares-em-belford-roxo\/","title":{"rendered":"Opera\u00e7\u00e3o do Detro apreende ve\u00edculos irregulares em Belford Roxo"},"content":{"rendered":"<p>Fiscais do Departamento de Transportes Rodovi\u00e1rios (Detro) apreenderam, nesta quarta-feira, 50 ve\u00edculos em v\u00e1rios pontos da Regi\u00e3o Metropolitana.<\/p>\n<p>Os agentes atuaram em apoio \u00e0 Coordenadoria Especial de\u00a0Transportes\u00a0Complementar da Prefeitura do Rio de Janeiro, com\u00a0a\u00e7\u00f5es\u00a0 nesta madrugada na Zona Norte do RJ, Zona Sul do RJ e bairro da Ilha do\u00a0Governador, com 38 ve\u00edculos apreendidos, sendo 35 kombis e vans, dois t\u00e1xis e um carro particular.<\/p>\n<p>Nesta manh\u00e3, 12 ve\u00edculos foram apreendidos, sendo uma van em Madureira; uma van e tr\u00eas kombis em Bonsucesso; e uma Kombi em Campo Grande. Na Baixada Fluminense, foram recolhidas duas Kombis em S\u00e3o Jo\u00e3o de Meriti, uma van na cidade de Belford Roxo e uma van em Duque de Caxias. Em S\u00e3o Gon\u00e7alo, uma Kombi foi retirada de circula\u00e7\u00e3o e finalmente, em Itabora\u00ed, houve apreens\u00e3o de uma van.<\/p>\n<p><em>Fonte: O Dia<\/em><\/p>\n","protected":false},"excerpt":{"rendered":"<p>Fiscais do Departamento de Transportes Rodovi\u00e1rios (Detro) apreenderam, nesta quarta-feira, 50 ve\u00edculos em v\u00e1rios pontos da Regi\u00e3o Metropolitana. Os agentes atuaram em apoio \u00e0 Coordenadoria Especial de\u00a0Transportes\u00a0Complementar da Prefeitura do Rio de Janeiro, com\u00a0a\u00e7\u00f5es\u00a0 nesta madrugada na Zona Norte do RJ, Zona Sul do RJ e bairro da Ilha do\u00a0Governador, com 38 ve\u00edculos apreendidos, sendo [&hellip;]<\/p>\n","protected":false},"author":1,"featured_media":0,"comment_status":"open","ping_status":"open","sticky":false,"template":"","format":"standard","meta":{"footnotes":""},"categories":[6],"tags":[],"_links":{"self":[{"href":"https:\/\/www.encontrabelfordroxo.com.br\/noticias\/wp-json\/wp\/v2\/posts\/385"}],"collection":[{"href":"https:\/\/www.encontrabelfordroxo.com.br\/noticias\/wp-json\/wp\/v2\/posts"}],"about":[{"href":"https:\/\/www.encontrabelfordroxo.com.br\/noticias\/wp-json\/wp\/v2\/types\/post"}],"author":[{"embeddable":true,"href":"https:\/\/www.encontrabelfordroxo.com.br\/noticias\/wp-json\/wp\/v2\/users\/1"}],"replies":[{"embeddable":true,"href":"https:\/\/www.encontrabelfordroxo.com.br\/noticias\/wp-json\/wp\/v2\/comments?post=385"}],"version-history":[{"count":6,"href":"https:\/\/www.encontrabelfordroxo.com.br\/noticias\/wp-json\/wp\/v2\/posts\/385\/revisions"}],"predecessor-version":[{"id":616,"href":"https:\/\/www.encontrabelfordroxo.com.br\/noticias\/wp-json\/wp\/v2\/posts\/385\/revisions\/616"}],"wp:attachment":[{"href":"https:\/\/www.encontrabelfordroxo.com.br\/noticias\/wp-json\/wp\/v2\/media?parent=385"}],"wp:term":[{"taxonomy":"category","embeddable":true,"href":"https:\/\/www.encontrabelfordroxo.com.br\/noticias\/wp-json\/wp\/v2\/categories?post=385"},{"taxonomy":"post_tag","embeddable":true,"href":"https:\/\/www.encontrabelfordroxo.com.br\/noticias\/wp-json\/wp\/v2\/tags?post=385"}],"curies":[{"name":"wp","href":"https:\/\/api.w.org\/{rel}","templated":true}]}}