{"id":663,"date":"2014-01-06T12:59:15","date_gmt":"2014-01-06T12:59:15","guid":{"rendered":"http:\/\/www.encontrabelfordroxo.com.br\/noticias\/?p=663"},"modified":"2014-01-06T12:59:41","modified_gmt":"2014-01-06T12:59:41","slug":"prefeitura-de-belford-roxo-oferece-230-vagas-em-cursos-do-pronatec","status":"publish","type":"post","link":"https:\/\/www.encontrabelfordroxo.com.br\/noticias\/prefeitura-de-belford-roxo-oferece-230-vagas-em-cursos-do-pronatec\/","title":{"rendered":"Prefeitura de Belford Roxo oferece 230 vagas em cursos do Pronatec\u200f"},"content":{"rendered":"<p>A <a title=\"Prefeitura Municipal de Belford Roxo\" href=\"http:\/\/www.encontrabelfordroxo.com.br\/belford-roxo\/prefeitura-municipal-de-belford-roxo.shtml\" target=\"_blank\">Prefeitura de Belford Roxo<\/a>, atrav\u00e9s da Secretaria de Assist\u00eancia Social e Direitos Humanos, oferece pelo Programa Nacional de Acesso ao Ensino T\u00e9cnico e Emprego (Pronatec) novas vagas nos cursos de Eletricista Predial Baixa Tens\u00e3o (80), Porteiro (30), Vigia (30), Auxiliar de Recursos Humano (30), Auxiliar Administrativo (30) e Auxiliar de Cr\u00e9dito e Cobran\u00e7a (30).<\/p>\n<p>Podem se inscrever adolescentes e jovens em cumprimento de medidas socioeducativas, desempregados, portadores de defici\u00eancias, pessoas que recebem benef\u00edcios dos programas federais de transfer\u00eancia de renda ou que estejam cadastradas no Cad\u00danico, pra\u00e7as do Ex\u00e9rcito e da Aeron\u00e1utica com baixa do Servi\u00e7o Militar ou Atiradores de Tiro de Guerra e estudantes matriculados no ensino m\u00e9dio das escolas p\u00fablicas, inclusive na Educa\u00e7\u00e3o de Jovens e Adultos (EJA).<\/p>\n<p>As inscri\u00e7\u00f5es podem ser realizadas nos CRAS ou CREAS mais pr\u00f3ximo da resid\u00eancia com apresenta\u00e7\u00e3o dos seguintes documentos: N\u00famero do NIS (n\u00famero da Inscri\u00e7\u00e3o Social), identidade, CPF, comprovante de resid\u00eancia (original e c\u00f3pia). As aulas come\u00e7am no in\u00edcio de fevereiro e os alunos matriculados v\u00e3o receber qualifica\u00e7\u00e3o e capacita\u00e7\u00e3o profissional, valor de 01 passagem (ida e volta) e lanche. Informa\u00e7\u00f5es pelo telefone 2662-0120.<\/p>\n<p>Cursos<\/p>\n<p>* Eletricista Predial Baixa Tens\u00e3o &#8211; SENAI (80 vagas)<\/p>\n<p>Local: CRAS Wona &#8211; Rua Cromita, Lt 30, Qd 01 &#8211; Wona &#8211; Belford Roxo (Final da Pra\u00e7a do Wona)<\/p>\n<p>Turno: Tarde e noite.<\/p>\n<p>* Pronatec\/SENAC &#8211; Porteiro\/Vigia\/Auxiliar de Recursos Humanos\/ Auxiliar Administrativo e Auxiliar de Cr\u00e9dito e Cobran\u00e7a (30 Vagas de cada curso)<\/p>\n<p>Local: CREAS III \u2013 Parque Amorim &#8211; Rua Silva Peixoto, Lote 10, Qd J ou Parque Amorim &#8211; (Rua da Escola Municipal Maria Fuji)<\/p>\n","protected":false},"excerpt":{"rendered":"<p>A Prefeitura de Belford Roxo, atrav\u00e9s da Secretaria de Assist\u00eancia Social e Direitos Humanos, oferece pelo Programa Nacional de Acesso ao Ensino T\u00e9cnico e Emprego (Pronatec) novas vagas nos cursos de Eletricista Predial Baixa Tens\u00e3o (80), Porteiro (30), Vigia (30), Auxiliar de Recursos Humano (30), Auxiliar Administrativo (30) e Auxiliar de Cr\u00e9dito e Cobran\u00e7a (30). [&hellip;]<\/p>\n","protected":false},"author":1,"featured_media":0,"comment_status":"open","ping_status":"open","sticky":false,"template":"","format":"standard","meta":{"footnotes":""},"categories":[3],"tags":[],"_links":{"self":[{"href":"https:\/\/www.encontrabelfordroxo.com.br\/noticias\/wp-json\/wp\/v2\/posts\/663"}],"collection":[{"href":"https:\/\/www.encontrabelfordroxo.com.br\/noticias\/wp-json\/wp\/v2\/posts"}],"about":[{"href":"https:\/\/www.encontrabelfordroxo.com.br\/noticias\/wp-json\/wp\/v2\/types\/post"}],"author":[{"embeddable":true,"href":"https:\/\/www.encontrabelfordroxo.com.br\/noticias\/wp-json\/wp\/v2\/users\/1"}],"replies":[{"embeddable":true,"href":"https:\/\/www.encontrabelfordroxo.com.br\/noticias\/wp-json\/wp\/v2\/comments?post=663"}],"version-history":[{"count":2,"href":"https:\/\/www.encontrabelfordroxo.com.br\/noticias\/wp-json\/wp\/v2\/posts\/663\/revisions"}],"predecessor-version":[{"id":665,"href":"https:\/\/www.encontrabelfordroxo.com.br\/noticias\/wp-json\/wp\/v2\/posts\/663\/revisions\/665"}],"wp:attachment":[{"href":"https:\/\/www.encontrabelfordroxo.com.br\/noticias\/wp-json\/wp\/v2\/media?parent=663"}],"wp:term":[{"taxonomy":"category","embeddable":true,"href":"https:\/\/www.encontrabelfordroxo.com.br\/noticias\/wp-json\/wp\/v2\/categories?post=663"},{"taxonomy":"post_tag","embeddable":true,"href":"https:\/\/www.encontrabelfordroxo.com.br\/noticias\/wp-json\/wp\/v2\/tags?post=663"}],"curies":[{"name":"wp","href":"https:\/\/api.w.org\/{rel}","templated":true}]}}